{"html":"<div class=\"grid-item col col-12 col-md-4\" data-category=\"intrebari\">\n            <a href=\"\/articol\/masuri-adoptate-de-minister-in-vederea-asigurarii-functionarii-optime-a-portalului-onrc\" class=\"grid-button btn color-1-background color-1-border\">\u00centreb\u0103ri<\/a>\n            <div class=\"img-ie-container\">\n                                                        <a href=\"\/articol\/masuri-adoptate-de-minister-in-vederea-asigurarii-functionarii-optime-a-portalului-onrc\"><div class=\"image-article\" style=\"background:url( https:\/\/media1-prd-eu1.onlinefiles.info\/4f68c284\/f74909ac\/018b6a49\/ad3019b8\/media\/resized\/1393\/data-center-with-law-scales-background-symbolizing-modern-justice-system-digital-jurisprudence-concept-data-center-law-scales-modern-justice-system-digital-jurisprudence-918839-107980_825eee21.jpg ); width: 100%;\">\n                        <\/div><\/a>\n                                                                    <\/div>\n                            <a href=\"\/articol\/masuri-adoptate-de-minister-in-vederea-asigurarii-functionarii-optime-a-portalului-onrc\" class=\"article-title\">M\u0103surile adoptate de minister \u00een vederea asigur\u0103rii unei func\u021b...<\/a>\n                                    <p class=\"article-date\"><i\n                        class=\"fas fa-calendar-alt mr-1\"><\/i>29 Oct 2024\n            <\/p>\n                                                        <div class=\"title-excerpt\">\n                    <a class=\"link-excerpt\" href=\"\/articol\/masuri-adoptate-de-minister-in-vederea-asigurarii-functionarii-optime-a-portalului-onrc\">Adresat\u0103:&nbsp;&nbsp;&nbsp;Doamnei Alina-\u0218tefania GORGHIU - Ministrul Justi\u021bieiDin partea: Senator Adrian HATOSCircumscr...<\/a>\n                <\/div>\n                                        \n        <\/div>\n            <div class=\"grid-item col col-12 col-md-4\" data-category=\"intrebari\">\n            <a href=\"\/articol\/situatia-salariatilor-directiilor-judetene-de-cultura\" class=\"grid-button btn color-1-background color-1-border\">\u00centreb\u0103ri<\/a>\n            <div class=\"img-ie-container\">\n                                                        <a href=\"\/articol\/situatia-salariatilor-directiilor-judetene-de-cultura\"><div class=\"image-article\" style=\"background:url( https:\/\/media1-prd-eu1.onlinefiles.info\/4f68c284\/f74909ac\/018b6a49\/ad3019b8\/media\/resized\/1393\/2105-i605-044-s-m005-c12-theatre-big-set_0a8d97a7.jpg ); width: 100%;\">\n                        <\/div><\/a>\n                                                                    <\/div>\n                            <a href=\"\/articol\/situatia-salariatilor-directiilor-judetene-de-cultura\" class=\"article-title\">Situa\u021bia salaria\u021bilor Direc\u021biilor Jude\u021bene de Cultur\u0103<\/a>\n                                    <p class=\"article-date\"><i\n                        class=\"fas fa-calendar-alt mr-1\"><\/i>17 Sep 2024\n            <\/p>\n                                                        <div class=\"title-excerpt\">\n                    <a class=\"link-excerpt\" href=\"\/articol\/situatia-salariatilor-directiilor-judetene-de-cultura\">Adresat\u0103:&nbsp;&nbsp;&nbsp;Doamnei Simona BUCURA-OPRESCU - Ministrul Muncii \u0219i Solidarit\u0103\u021bii SocialeDin partea: Senator ...<\/a>\n                <\/div>\n                                        \n        <\/div>\n            <div class=\"grid-item col col-12 col-md-4\" data-category=\"intrebari\">\n            <a href=\"\/articol\/impactul-noii-legi-a-pensiilor-asupra-pensionarilor-din-grupele-speciale\" class=\"grid-button btn color-1-background color-1-border\">\u00centreb\u0103ri<\/a>\n            <div class=\"img-ie-container\">\n                                                        <a href=\"\/articol\/impactul-noii-legi-a-pensiilor-asupra-pensionarilor-din-grupele-speciale\"><div class=\"image-article\" style=\"background:url( https:\/\/media1-prd-eu1.onlinefiles.info\/4f68c284\/f74909ac\/018b6a49\/ad3019b8\/media\/resized\/1393\/8669385_da07a763.jpg ); width: 100%;\">\n                        <\/div><\/a>\n                                                                    <\/div>\n                            <a href=\"\/articol\/impactul-noii-legi-a-pensiilor-asupra-pensionarilor-din-grupele-speciale\" class=\"article-title\">Impactul noii legi a pensiilor asupra pensionarilor din grupel...<\/a>\n                                    <p class=\"article-date\"><i\n                        class=\"fas fa-calendar-alt mr-1\"><\/i>17 Sep 2024\n            <\/p>\n                                                        <div class=\"title-excerpt\">\n                    <a class=\"link-excerpt\" href=\"\/articol\/impactul-noii-legi-a-pensiilor-asupra-pensionarilor-din-grupele-speciale\">Adresat\u0103:&nbsp;&nbsp;&nbsp;Doamnei Simona BUCURA-OPRESCU - Ministrul Muncii \u0219i Solidarit\u0103\u021bii SocialeDin partea: Senator ...<\/a>\n                <\/div>\n                                        \n        <\/div>\n            <div class=\"grid-item col col-12 col-md-4\" data-category=\"intrebari\">\n            <a href=\"\/articol\/solicitare-clarificari-privind-lipsa-datelor-din-educatie\" class=\"grid-button btn color-1-background color-1-border\">\u00centreb\u0103ri<\/a>\n            <div class=\"img-ie-container\">\n                                                        <a href=\"\/articol\/solicitare-clarificari-privind-lipsa-datelor-din-educatie\"><div class=\"image-article\" style=\"background:url( https:\/\/media1-prd-eu1.onlinefiles.info\/4f68c284\/f74909ac\/018b6a49\/ad3019b8\/media\/resized\/1393\/thumbnail-what-is-a-relational-database_2f3b76a7.webp ); width: 100%;\">\n                        <\/div><\/a>\n                                                                    <\/div>\n                            <a href=\"\/articol\/solicitare-clarificari-privind-lipsa-datelor-din-educatie\" class=\"article-title\">Solicitare de clarific\u0103ri privind lipsa datelor din educa\u021bie d...<\/a>\n                                    <p class=\"article-date\"><i\n                        class=\"fas fa-calendar-alt mr-1\"><\/i>17 Sep 2024\n            <\/p>\n                                                        <div class=\"title-excerpt\">\n                    <a class=\"link-excerpt\" href=\"\/articol\/solicitare-clarificari-privind-lipsa-datelor-din-educatie\">Adresat\u0103:&nbsp;&nbsp;&nbsp;Doamnei Ligia DECA - Ministrul Educa\u021bieiDin partea: Senator Adrian HATOSCircumscrip\u021bia electo...<\/a>\n                <\/div>\n                                        \n        <\/div>\n            <div class=\"grid-item col col-12 col-md-4\" data-category=\"intrebari\">\n            <a href=\"\/articol\/necesitatea-unor-masuri-legislative-privind-doborarea-dronelor-militare\" class=\"grid-button btn color-1-background color-1-border\">\u00centreb\u0103ri<\/a>\n            <div class=\"img-ie-container\">\n                                                        <a href=\"\/articol\/necesitatea-unor-masuri-legislative-privind-doborarea-dronelor-militare\"><div class=\"image-article\" style=\"background:url( https:\/\/media1-prd-eu1.onlinefiles.info\/4f68c284\/f74909ac\/018b6a49\/ad3019b8\/media\/resized\/1393\/istockphoto-1394026680-612x612_1c106251.jpg ); width: 100%;\">\n                        <\/div><\/a>\n                                                                    <\/div>\n                            <a href=\"\/articol\/necesitatea-unor-masuri-legislative-privind-doborarea-dronelor-militare\" class=\"article-title\">Necesitatea unor m\u0103suri legislative privind dobor\u00e2rea dronelor...<\/a>\n                                    <p class=\"article-date\"><i\n                        class=\"fas fa-calendar-alt mr-1\"><\/i>17 Sep 2024\n            <\/p>\n                                                        <div class=\"title-excerpt\">\n                    <a class=\"link-excerpt\" href=\"\/articol\/necesitatea-unor-masuri-legislative-privind-doborarea-dronelor-militare\">Adresat\u0103:&nbsp;&nbsp;&nbsp;Domnului Angel T\u00ceLV\u0102R - Ministrul Ap\u0103r\u0103rii Na\u021bionaleDin partea: Senator Adrian HATOSCircumscr...<\/a>\n                <\/div>\n                                        \n        <\/div>\n            <div class=\"grid-item col col-12 col-md-4\" data-category=\"intrebari\">\n            <a href=\"\/articol\/optimizarea-predarii-limbii-romane-pentru-bpi\" class=\"grid-button btn color-1-background color-1-border\">\u00centreb\u0103ri<\/a>\n            <div class=\"img-ie-container\">\n                                                        <a href=\"\/articol\/optimizarea-predarii-limbii-romane-pentru-bpi\"><div class=\"image-article\" style=\"background:url( https:\/\/media1-prd-eu1.onlinefiles.info\/4f68c284\/f74909ac\/018b6a49\/ad3019b8\/media\/resized\/1393\/dreamstime-m-4997113-e1618494282581-jpg_71951e5e.webp ); width: 100%;\">\n                        <\/div><\/a>\n                                                                    <\/div>\n                            <a href=\"\/articol\/optimizarea-predarii-limbii-romane-pentru-bpi\" class=\"article-title\">Optimizarea procesului de predare a limbii rom\u00e2ne pentru benef...<\/a>\n                                    <p class=\"article-date\"><i\n                        class=\"fas fa-calendar-alt mr-1\"><\/i>29 Jun 2024\n            <\/p>\n                                                        <div class=\"title-excerpt\">\n                    <a class=\"link-excerpt\" href=\"\/articol\/optimizarea-predarii-limbii-romane-pentru-bpi\">Adresat\u0103:&nbsp;&nbsp;&nbsp;Doamnei Ligia DECA - Ministrul Educa\u021bieiDin partea: Senator Adrian HATOSCircumscrip\u021bia electo...<\/a>\n                <\/div>\n                                        \n        <\/div>\n            <div class=\"grid-item col col-12 col-md-4\" data-category=\"intrebari\">\n            <a href=\"\/articol\/integrarea-bpi-in-sistemul-educational-romanesc\" class=\"grid-button btn color-1-background color-1-border\">\u00centreb\u0103ri<\/a>\n            <div class=\"img-ie-container\">\n                                                        <a href=\"\/articol\/integrarea-bpi-in-sistemul-educational-romanesc\"><div class=\"image-article\" style=\"background:url( https:\/\/media1-prd-eu1.onlinefiles.info\/4f68c284\/f74909ac\/018b6a49\/ad3019b8\/media\/resized\/1393\/edae35ce-d8c9-44e7-b298-74007d4cb41b_63624c3e.jpg ); width: 100%;\">\n                        <\/div><\/a>\n                                                                    <\/div>\n                            <a href=\"\/articol\/integrarea-bpi-in-sistemul-educational-romanesc\" class=\"article-title\">Integrarea beneficiarilor de protec\u021bie interna\u021bional\u0103 in siste...<\/a>\n                                    <p class=\"article-date\"><i\n                        class=\"fas fa-calendar-alt mr-1\"><\/i>29 Jun 2024\n            <\/p>\n                                                        <div class=\"title-excerpt\">\n                    <a class=\"link-excerpt\" href=\"\/articol\/integrarea-bpi-in-sistemul-educational-romanesc\">Adresat\u0103:&nbsp;&nbsp;&nbsp;Doamnei Ligia DECA - Ministrul Educa\u021bieiDin partea: Senator Adrian HATOSCircumscrip\u021bia electo...<\/a>\n                <\/div>\n                                        \n        <\/div>\n            <div class=\"grid-item col col-12 col-md-4\" data-category=\"intrebari\">\n            <a href=\"\/articol\/optimizarea-programului-de-integrare-a-bpi-in-romania\" class=\"grid-button btn color-1-background color-1-border\">\u00centreb\u0103ri<\/a>\n            <div class=\"img-ie-container\">\n                                                        <a href=\"\/articol\/optimizarea-programului-de-integrare-a-bpi-in-romania\"><div class=\"image-article\" style=\"background:url( https:\/\/media1-prd-eu1.onlinefiles.info\/4f68c284\/f74909ac\/018b6a49\/ad3019b8\/media\/resized\/1393\/high-angle-young-friends-forming-shape-with-hands_14112bf2.jpg ); width: 100%;\">\n                        <\/div><\/a>\n                                                                    <\/div>\n                            <a href=\"\/articol\/optimizarea-programului-de-integrare-a-bpi-in-romania\" class=\"article-title\">Optimizarea programului de integrare a beneficiarilor de prote...<\/a>\n                                    <p class=\"article-date\"><i\n                        class=\"fas fa-calendar-alt mr-1\"><\/i>29 Jun 2024\n            <\/p>\n                                                        <div class=\"title-excerpt\">\n                    <a class=\"link-excerpt\" href=\"\/articol\/optimizarea-programului-de-integrare-a-bpi-in-romania\">Adresat\u0103:&nbsp;&nbsp;&nbsp;Domnului Marian-C\u0103t\u0103lin PREDOIU - Viceprim-ministru, Ministrul Afacerilor InterneDin partea: ...<\/a>\n                <\/div>\n                                        \n        <\/div>\n            <div class=\"grid-item col col-12 col-md-4\" data-category=\"intrebari\">\n            <a href=\"\/articol\/reglementarea-adaosului-comercial-pentru-protejarea-producatorilor-locali\" class=\"grid-button btn color-1-background color-1-border\">\u00centreb\u0103ri<\/a>\n            <div class=\"img-ie-container\">\n                                                        <a href=\"\/articol\/reglementarea-adaosului-comercial-pentru-protejarea-producatorilor-locali\"><div class=\"image-article\" style=\"background:url( https:\/\/media1-prd-eu1.onlinefiles.info\/4f68c284\/f74909ac\/018b6a49\/ad3019b8\/media\/resized\/1393\/legume2_210b220e.jpeg ); width: 100%;\">\n                        <\/div><\/a>\n                                                                    <\/div>\n                            <a href=\"\/articol\/reglementarea-adaosului-comercial-pentru-protejarea-producatorilor-locali\" class=\"article-title\">Reglementarea adaosului comercial pentru protejarea produc\u0103tor...<\/a>\n                                    <p class=\"article-date\"><i\n                        class=\"fas fa-calendar-alt mr-1\"><\/i>29 Jun 2024\n            <\/p>\n                                                        <div class=\"title-excerpt\">\n                    <a class=\"link-excerpt\" href=\"\/articol\/reglementarea-adaosului-comercial-pentru-protejarea-producatorilor-locali\">Adresat\u0103:&nbsp;&nbsp;&nbsp;Domnului \u0218tefan-Radu OPREA - Ministrul Economiei, Antreprenoriatului \u0219i TurismuluiDomnului Bo...<\/a>\n                <\/div>\n                                        \n        <\/div>\n    ","load_more_url":"\/articole\/intrebari\/2?is_ajax=1&include_subcategories=1"}