{"html":"<div class=\"grid-item col col-12 col-md-4\" data-category=\"intrebari\">\n            <a href=\"\/articol\/stadiul-analizei-infiintarii-unui-ghid-de-perspective-ocupationale\" class=\"grid-button btn color-1-background color-1-border\">\u00centreb\u0103ri<\/a>\n            <div class=\"img-ie-container\">\n                                                        <a href=\"\/articol\/stadiul-analizei-infiintarii-unui-ghid-de-perspective-ocupationale\"><div class=\"image-article\" style=\"background:url( https:\/\/media1-prd-eu1.onlinefiles.info\/4f68c284\/f74909ac\/018b6a49\/ad3019b8\/media\/resized\/1393\/untitled_468ae999.png ); width: 100%;\">\n                        <\/div><\/a>\n                                                                    <\/div>\n                            <a href=\"\/articol\/stadiul-analizei-infiintarii-unui-ghid-de-perspective-ocupationale\" class=\"article-title\">Stadiul analizei \u00eenfiin\u021b\u0103rii unui \u201eGhid de perspective ocupa\u021bi...<\/a>\n                                    <p class=\"article-date\"><i\n                        class=\"fas fa-calendar-alt mr-1\"><\/i>15 May 2024\n            <\/p>\n                                                        <div class=\"title-excerpt\">\n                    <a class=\"link-excerpt\" href=\"\/articol\/stadiul-analizei-infiintarii-unui-ghid-de-perspective-ocupationale\">Adresat\u0103:&nbsp;&nbsp;&nbsp;Doamnei Simona BUCURA-OPRESCU - Ministrul Muncii \u0219i Solidarit\u0103\u021bii SocialeDin partea: Senator ...<\/a>\n                <\/div>\n                                        \n        <\/div>\n            <div class=\"grid-item col col-12 col-md-4\" data-category=\"intrebari\">\n            <a href=\"\/articol\/imbunatatirea-sistemului-de-transplanturi-din-romania\" class=\"grid-button btn color-1-background color-1-border\">\u00centreb\u0103ri<\/a>\n            <div class=\"img-ie-container\">\n                                                        <a href=\"\/articol\/imbunatatirea-sistemului-de-transplanturi-din-romania\"><div class=\"image-article\" style=\"background:url( https:\/\/media1-prd-eu1.onlinefiles.info\/4f68c284\/f74909ac\/018b6a49\/ad3019b8\/media\/resized\/1393\/dall-e-2024-04-30-18-33-39-a-conceptual-illustration-for-the-theme-improving-the-transplant-system-in-romania-the-image-should-depict-a-modern-hospital-setting-with-a-focus-o_757885ea.webp ); width: 100%;\">\n                        <\/div><\/a>\n                                                                    <\/div>\n                            <a href=\"\/articol\/imbunatatirea-sistemului-de-transplanturi-din-romania\" class=\"article-title\">\u00cembun\u0103t\u0103\u021birea sistemului de transplanturi din Rom\u00e2nia<\/a>\n                                    <p class=\"article-date\"><i\n                        class=\"fas fa-calendar-alt mr-1\"><\/i>30 Apr 2024\n            <\/p>\n                                                        <div class=\"title-excerpt\">\n                    <a class=\"link-excerpt\" href=\"\/articol\/imbunatatirea-sistemului-de-transplanturi-din-romania\">Adresat\u0103:&nbsp;&nbsp;&nbsp;Domnului Alexandru RAFILA - Ministrul S\u0103n\u0103t\u0103\u021biiDin partea: Senator Adrian HATOSCircumscrip\u021bia...<\/a>\n                <\/div>\n                                        \n        <\/div>\n            <div class=\"grid-item col col-12 col-md-4\" data-category=\"intrebari\">\n            <a href=\"\/articol\/solicitare-informatii-privind-educatia-si-preventia-privind-consumul-de-alcool\" class=\"grid-button btn color-1-background color-1-border\">\u00centreb\u0103ri<\/a>\n            <div class=\"img-ie-container\">\n                                                        <a href=\"\/articol\/solicitare-informatii-privind-educatia-si-preventia-privind-consumul-de-alcool\"><div class=\"image-article\" style=\"background:url( https:\/\/media1-prd-eu1.onlinefiles.info\/4f68c284\/f74909ac\/018b6a49\/ad3019b8\/media\/resized\/1393\/bad-alcohol-habit_8033d495.jpg ); width: 100%;\">\n                        <\/div><\/a>\n                                                                    <\/div>\n                            <a href=\"\/articol\/solicitare-informatii-privind-educatia-si-preventia-privind-consumul-de-alcool\" class=\"article-title\">Solicitare de informa\u021bii privind m\u0103surile de educa\u021bie \u0219i preve...<\/a>\n                                    <p class=\"article-date\"><i\n                        class=\"fas fa-calendar-alt mr-1\"><\/i>30 Apr 2024\n            <\/p>\n                                                        <div class=\"title-excerpt\">\n                    <a class=\"link-excerpt\" href=\"\/articol\/solicitare-informatii-privind-educatia-si-preventia-privind-consumul-de-alcool\">Adresat\u0103:&nbsp;&nbsp;&nbsp;Doamnei Ligia DECA - Ministrul Educa\u021bieiDin partea: Senator Adrian HATOSCircumscrip\u021bia electo...<\/a>\n                <\/div>\n                                        \n        <\/div>\n            <div class=\"grid-item col col-12 col-md-4\" data-category=\"intrebari\">\n            <a href=\"\/articol\/abordarea-provocarilor-din-sistemul-de-invatamant-romanesc\" class=\"grid-button btn color-1-background color-1-border\">\u00centreb\u0103ri<\/a>\n            <div class=\"img-ie-container\">\n                                                        <a href=\"\/articol\/abordarea-provocarilor-din-sistemul-de-invatamant-romanesc\"><div class=\"image-article\" style=\"background:url( https:\/\/media1-prd-eu1.onlinefiles.info\/4f68c284\/f74909ac\/018b6a49\/ad3019b8\/media\/resized\/1393\/dall-e-2024-04-30-18-27-21-a-conceptual-illustration-representing-the-theme-addressing-challenges-in-the-romanian-education-system-responding-to-european-standards-the-image_fa58e550.webp ); width: 100%;\">\n                        <\/div><\/a>\n                                                                    <\/div>\n                            <a href=\"\/articol\/abordarea-provocarilor-din-sistemul-de-invatamant-romanesc\" class=\"article-title\">Abordarea provoc\u0103rilor din sistemul de \u00eenv\u0103\u021b\u0103m\u00e2nt rom\u00e2nesc: cu...<\/a>\n                                    <p class=\"article-date\"><i\n                        class=\"fas fa-calendar-alt mr-1\"><\/i>30 Apr 2024\n            <\/p>\n                                                        <div class=\"title-excerpt\">\n                    <a class=\"link-excerpt\" href=\"\/articol\/abordarea-provocarilor-din-sistemul-de-invatamant-romanesc\">Adresat\u0103:&nbsp;&nbsp;&nbsp;Doamnei Ligia DECA - Ministrul Educa\u021bieiDin partea: Senator Adrian HATOSCircumscrip\u021bia electo...<\/a>\n                <\/div>\n                                        \n        <\/div>\n            <div class=\"grid-item col col-12 col-md-4\" data-category=\"intrebari\">\n            <a href=\"\/articol\/provocari-in-ceea-ce-priveste-accesul-la-servicii-medicale-de-urgenta\" class=\"grid-button btn color-1-background color-1-border\">\u00centreb\u0103ri<\/a>\n            <div class=\"img-ie-container\">\n                                                        <a href=\"\/articol\/provocari-in-ceea-ce-priveste-accesul-la-servicii-medicale-de-urgenta\"><div class=\"image-article\" style=\"background:url( https:\/\/media1-prd-eu1.onlinefiles.info\/4f68c284\/f74909ac\/018b6a49\/ad3019b8\/media\/resized\/1393\/dall-e-2024-04-25-15-26-36-a-conceptual-illustration-showing-the-theme-challenges-in-access-to-emergency-medical-services-in-a-less-dramatic-setting-the-image-should-depict-a_d872f976.webp ); width: 100%;\">\n                        <\/div><\/a>\n                                                                    <\/div>\n                            <a href=\"\/articol\/provocari-in-ceea-ce-priveste-accesul-la-servicii-medicale-de-urgenta\" class=\"article-title\">Provoc\u0103ri \u00een ceea ce prive\u0219te accesul la servicii medicale de ...<\/a>\n                                    <p class=\"article-date\"><i\n                        class=\"fas fa-calendar-alt mr-1\"><\/i>25 Apr 2024\n            <\/p>\n                                                        <div class=\"title-excerpt\">\n                    <a class=\"link-excerpt\" href=\"\/articol\/provocari-in-ceea-ce-priveste-accesul-la-servicii-medicale-de-urgenta\">Adresat\u0103:&nbsp;&nbsp;&nbsp;Domnului Alexandru RAFILA - Ministrul S\u0103n\u0103t\u0103\u021biiDin partea: Senator Adrian HATOSCircumscrip\u021bia...<\/a>\n                <\/div>\n                                        \n        <\/div>\n            <div class=\"grid-item col col-12 col-md-4\" data-category=\"intrebari\">\n            <a href=\"\/articol\/introducerea-educatiei-pentru-sanatate-ca-materie-in-scoli\" class=\"grid-button btn color-1-background color-1-border\">\u00centreb\u0103ri<\/a>\n            <div class=\"img-ie-container\">\n                                                        <a href=\"\/articol\/introducerea-educatiei-pentru-sanatate-ca-materie-in-scoli\"><div class=\"image-article\" style=\"background:url( https:\/\/media1-prd-eu1.onlinefiles.info\/4f68c284\/f74909ac\/018b6a49\/ad3019b8\/media\/resized\/1393\/dall-e-2024-04-25-15-23-03-a-conceptual-illustration-representing-the-theme-introducing-health-education-as-a-subject-in-schools-the-image-should-depict-a-classroom-setting-w_6d7ac819.webp ); width: 100%;\">\n                        <\/div><\/a>\n                                                                    <\/div>\n                            <a href=\"\/articol\/introducerea-educatiei-pentru-sanatate-ca-materie-in-scoli\" class=\"article-title\">Introducerea educa\u021biei pentru s\u0103n\u0103tate ca materie \u00een \u0219coli...<\/a>\n                                    <p class=\"article-date\"><i\n                        class=\"fas fa-calendar-alt mr-1\"><\/i>25 Apr 2024\n            <\/p>\n                                                        <div class=\"title-excerpt\">\n                    <a class=\"link-excerpt\" href=\"\/articol\/introducerea-educatiei-pentru-sanatate-ca-materie-in-scoli\">Adresat\u0103:&nbsp;&nbsp;&nbsp;Doamnei Ligia DECA - Ministrul Educa\u021bieiDin partea: Senator Adrian HATOSCircumscrip\u021bia electo...<\/a>\n                <\/div>\n                                        \n        <\/div>\n            <div class=\"grid-item col col-12 col-md-4\" data-category=\"intrebari\">\n            <a href=\"\/articol\/diploma-europeana-pasul-urmator-pentru-universitatile-din-romania\" class=\"grid-button btn color-1-background color-1-border\">\u00centreb\u0103ri<\/a>\n            <div class=\"img-ie-container\">\n                                                        <a href=\"\/articol\/diploma-europeana-pasul-urmator-pentru-universitatile-din-romania\"><div class=\"image-article\" style=\"background:url( https:\/\/media1-prd-eu1.onlinefiles.info\/4f68c284\/f74909ac\/018b6a49\/ad3019b8\/media\/resized\/1393\/dall-e-2024-04-25-15-20-27-a-conceptual-illustration-representing-the-theme-european-diploma-the-next-step-for-romanian-universities-the-image-should-depict-a-modern-univers_8fbe1c5f.webp ); width: 100%;\">\n                        <\/div><\/a>\n                                                                    <\/div>\n                            <a href=\"\/articol\/diploma-europeana-pasul-urmator-pentru-universitatile-din-romania\" class=\"article-title\">Diploma European\u0103: Pasul urm\u0103tor pentru universit\u0103\u021bile din Rom...<\/a>\n                                    <p class=\"article-date\"><i\n                        class=\"fas fa-calendar-alt mr-1\"><\/i>25 Apr 2024\n            <\/p>\n                                                        <div class=\"title-excerpt\">\n                    <a class=\"link-excerpt\" href=\"\/articol\/diploma-europeana-pasul-urmator-pentru-universitatile-din-romania\">Adresat\u0103:&nbsp;&nbsp;&nbsp;Doamnei Ligia DECA - Ministrul Educa\u021bieiDin partea: Senator Adrian HATOSCircumscrip\u021bia electo...<\/a>\n                <\/div>\n                                        \n        <\/div>\n            <div class=\"grid-item col col-12 col-md-4\" data-category=\"intrebari\">\n            <a href=\"\/articol\/situatia-medicilor-care-efectueaza-garzi\" class=\"grid-button btn color-1-background color-1-border\">\u00centreb\u0103ri<\/a>\n            <div class=\"img-ie-container\">\n                                                        <a href=\"\/articol\/situatia-medicilor-care-efectueaza-garzi\"><div class=\"image-article\" style=\"background:url( https:\/\/media1-prd-eu1.onlinefiles.info\/4f68c284\/f74909ac\/018b6a49\/ad3019b8\/media\/resized\/1393\/full-shot-doctors-sitting-together_b6787160.jpg ); width: 100%;\">\n                        <\/div><\/a>\n                                                                    <\/div>\n                            <a href=\"\/articol\/situatia-medicilor-care-efectueaza-garzi\" class=\"article-title\">Situa\u021bia medicilor care efectueaz\u0103 g\u0103rzi \u00een unit\u0103\u021bi sanitare p...<\/a>\n                                    <p class=\"article-date\"><i\n                        class=\"fas fa-calendar-alt mr-1\"><\/i>13 Apr 2024\n            <\/p>\n                                                        <div class=\"title-excerpt\">\n                    <a class=\"link-excerpt\" href=\"\/articol\/situatia-medicilor-care-efectueaza-garzi\">Adresat\u0103:&nbsp;&nbsp;&nbsp;Domnului Alexandru RAFILA - Ministrul S\u0103n\u0103t\u0103\u021biiDin partea: Senator Adrian HATOSCircumscrip\u021bia...<\/a>\n                <\/div>\n                                        \n        <\/div>\n            <div class=\"grid-item col col-12 col-md-4\" data-category=\"intrebari\">\n            <a href=\"\/articol\/cabinete-scolare-fara-medici\" class=\"grid-button btn color-1-background color-1-border\">\u00centreb\u0103ri<\/a>\n            <div class=\"img-ie-container\">\n                                                        <a href=\"\/articol\/cabinete-scolare-fara-medici\"><div class=\"image-article\" style=\"background:url( https:\/\/media1-prd-eu1.onlinefiles.info\/4f68c284\/f74909ac\/018b6a49\/ad3019b8\/media\/resized\/1393\/medical-specialist-presenting-skeleton-using-tablet-sitting-desk-medical-office-pediatrician-doctor-with-protection-mask-providing-health-care-services-consultations-treatment-covid-19_0ac8311d.jpg ); width: 100%;\">\n                        <\/div><\/a>\n                                                                    <\/div>\n                            <a href=\"\/articol\/cabinete-scolare-fara-medici\" class=\"article-title\">Cabinete \u0219colare f\u0103r\u0103 medici: provoc\u0103rile cabinetelor medicale...<\/a>\n                                    <p class=\"article-date\"><i\n                        class=\"fas fa-calendar-alt mr-1\"><\/i>13 Apr 2024\n            <\/p>\n                                                        <div class=\"title-excerpt\">\n                    <a class=\"link-excerpt\" href=\"\/articol\/cabinete-scolare-fara-medici\">Adresat\u0103:&nbsp;&nbsp;&nbsp;Domnului Alexandrul RAFILA - Ministrul S\u0103n\u0103t\u0103\u021biiDoamnei Ligia DECA - Ministrul Educa\u021bieiDin p...<\/a>\n                <\/div>\n                                        \n        <\/div>\n    ","load_more_url":"\/articole\/intrebari\/3?is_ajax=1&include_subcategories=1"}