{"html":"<div class=\"grid-item col col-12 col-md-4\" data-category=\"intrebari\">\n            <a href=\"\/articol\/masuri-adoptate-de-minister-in-vederea-asigurarii-functionarii-optime-a-portalului-onrc\" class=\"grid-button btn color-1-background color-1-border\">\u00centreb\u0103ri<\/a>\n            <div class=\"img-ie-container\">\n                                                        <a href=\"\/articol\/masuri-adoptate-de-minister-in-vederea-asigurarii-functionarii-optime-a-portalului-onrc\"><div class=\"image-article\" style=\"background:url( https:\/\/media1-prd-eu1.onlinefiles.info\/4f68c284\/f74909ac\/018b6a49\/ad3019b8\/media\/resized\/1393\/data-center-with-law-scales-background-symbolizing-modern-justice-system-digital-jurisprudence-concept-data-center-law-scales-modern-justice-system-digital-jurisprudence-918839-107980_825eee21.jpg ); width: 100%;\">\n                        <\/div><\/a>\n                                                                    <\/div>\n                            <a href=\"\/articol\/masuri-adoptate-de-minister-in-vederea-asigurarii-functionarii-optime-a-portalului-onrc\" class=\"article-title\">M\u0103surile adoptate de minister \u00een vederea asigur\u0103rii unei func\u021b...<\/a>\n                                                \n        <\/div>\n            <div class=\"grid-item col col-12 col-md-4\" data-category=\"intrebari\">\n            <a href=\"\/articol\/situatia-salariatilor-directiilor-judetene-de-cultura\" class=\"grid-button btn color-1-background color-1-border\">\u00centreb\u0103ri<\/a>\n            <div class=\"img-ie-container\">\n                                                        <a href=\"\/articol\/situatia-salariatilor-directiilor-judetene-de-cultura\"><div class=\"image-article\" style=\"background:url( https:\/\/media1-prd-eu1.onlinefiles.info\/4f68c284\/f74909ac\/018b6a49\/ad3019b8\/media\/resized\/1393\/2105-i605-044-s-m005-c12-theatre-big-set_0a8d97a7.jpg ); width: 100%;\">\n                        <\/div><\/a>\n                                                                    <\/div>\n                            <a href=\"\/articol\/situatia-salariatilor-directiilor-judetene-de-cultura\" class=\"article-title\">Situa\u021bia salaria\u021bilor Direc\u021biilor Jude\u021bene de Cultur\u0103<\/a>\n                                                \n        <\/div>\n            <div class=\"grid-item col col-12 col-md-4\" data-category=\"intrebari\">\n            <a href=\"\/articol\/impactul-noii-legi-a-pensiilor-asupra-pensionarilor-din-grupele-speciale\" class=\"grid-button btn color-1-background color-1-border\">\u00centreb\u0103ri<\/a>\n            <div class=\"img-ie-container\">\n                                                        <a href=\"\/articol\/impactul-noii-legi-a-pensiilor-asupra-pensionarilor-din-grupele-speciale\"><div class=\"image-article\" style=\"background:url( https:\/\/media1-prd-eu1.onlinefiles.info\/4f68c284\/f74909ac\/018b6a49\/ad3019b8\/media\/resized\/1393\/8669385_da07a763.jpg ); width: 100%;\">\n                        <\/div><\/a>\n                                                                    <\/div>\n                            <a href=\"\/articol\/impactul-noii-legi-a-pensiilor-asupra-pensionarilor-din-grupele-speciale\" class=\"article-title\">Impactul noii legi a pensiilor asupra pensionarilor din grupel...<\/a>\n                                                \n        <\/div>\n            <div class=\"grid-item col col-12 col-md-4\" data-category=\"intrebari\">\n            <a href=\"\/articol\/solicitare-clarificari-privind-lipsa-datelor-din-educatie\" class=\"grid-button btn color-1-background color-1-border\">\u00centreb\u0103ri<\/a>\n            <div class=\"img-ie-container\">\n                                                        <a href=\"\/articol\/solicitare-clarificari-privind-lipsa-datelor-din-educatie\"><div class=\"image-article\" style=\"background:url( https:\/\/media1-prd-eu1.onlinefiles.info\/4f68c284\/f74909ac\/018b6a49\/ad3019b8\/media\/resized\/1393\/thumbnail-what-is-a-relational-database_2f3b76a7.webp ); width: 100%;\">\n                        <\/div><\/a>\n                                                                    <\/div>\n                            <a href=\"\/articol\/solicitare-clarificari-privind-lipsa-datelor-din-educatie\" class=\"article-title\">Solicitare de clarific\u0103ri privind lipsa datelor din educa\u021bie d...<\/a>\n                                                \n        <\/div>\n            <div class=\"grid-item col col-12 col-md-4\" data-category=\"intrebari\">\n            <a href=\"\/articol\/necesitatea-unor-masuri-legislative-privind-doborarea-dronelor-militare\" class=\"grid-button btn color-1-background color-1-border\">\u00centreb\u0103ri<\/a>\n            <div class=\"img-ie-container\">\n                                                        <a href=\"\/articol\/necesitatea-unor-masuri-legislative-privind-doborarea-dronelor-militare\"><div class=\"image-article\" style=\"background:url( https:\/\/media1-prd-eu1.onlinefiles.info\/4f68c284\/f74909ac\/018b6a49\/ad3019b8\/media\/resized\/1393\/istockphoto-1394026680-612x612_1c106251.jpg ); width: 100%;\">\n                        <\/div><\/a>\n                                                                    <\/div>\n                            <a href=\"\/articol\/necesitatea-unor-masuri-legislative-privind-doborarea-dronelor-militare\" class=\"article-title\">Necesitatea unor m\u0103suri legislative privind dobor\u00e2rea dronelor...<\/a>\n                                                \n        <\/div>\n            <div class=\"grid-item col col-12 col-md-4\" data-category=\"declaratii-politice\">\n            <a href=\"\/articol\/maternitatea-la-varste-fragede-in-romania\" class=\"grid-button btn color-1-background color-1-border\">Declara\u021bii politice<\/a>\n            <div class=\"img-ie-container\">\n                                                        <a href=\"\/articol\/maternitatea-la-varste-fragede-in-romania\"><div class=\"image-article\" style=\"background:url( https:\/\/media1-prd-eu1.onlinefiles.info\/4f68c284\/f74909ac\/018b6a49\/ad3019b8\/media\/resized\/1393\/140336365l_9b550007.webp ); width: 100%;\">\n                        <\/div><\/a>\n                                                                    <\/div>\n                            <a href=\"\/articol\/maternitatea-la-varste-fragede-in-romania\" class=\"article-title\">Maternitatea la v\u00e2rste fragede \u00een Rom\u00e2nia<\/a>\n                                                \n        <\/div>\n            <div class=\"grid-item col col-12 col-md-4\" data-category=\"intrebari\">\n            <a href=\"\/articol\/optimizarea-predarii-limbii-romane-pentru-bpi\" class=\"grid-button btn color-1-background color-1-border\">\u00centreb\u0103ri<\/a>\n            <div class=\"img-ie-container\">\n                                                        <a href=\"\/articol\/optimizarea-predarii-limbii-romane-pentru-bpi\"><div class=\"image-article\" style=\"background:url( https:\/\/media1-prd-eu1.onlinefiles.info\/4f68c284\/f74909ac\/018b6a49\/ad3019b8\/media\/resized\/1393\/dreamstime-m-4997113-e1618494282581-jpg_71951e5e.webp ); width: 100%;\">\n                        <\/div><\/a>\n                                                                    <\/div>\n                            <a href=\"\/articol\/optimizarea-predarii-limbii-romane-pentru-bpi\" class=\"article-title\">Optimizarea procesului de predare a limbii rom\u00e2ne pentru benef...<\/a>\n                                                \n        <\/div>\n            <div class=\"grid-item col col-12 col-md-4\" data-category=\"intrebari\">\n            <a href=\"\/articol\/integrarea-bpi-in-sistemul-educational-romanesc\" class=\"grid-button btn color-1-background color-1-border\">\u00centreb\u0103ri<\/a>\n            <div class=\"img-ie-container\">\n                                                        <a href=\"\/articol\/integrarea-bpi-in-sistemul-educational-romanesc\"><div class=\"image-article\" style=\"background:url( https:\/\/media1-prd-eu1.onlinefiles.info\/4f68c284\/f74909ac\/018b6a49\/ad3019b8\/media\/resized\/1393\/edae35ce-d8c9-44e7-b298-74007d4cb41b_63624c3e.jpg ); width: 100%;\">\n                        <\/div><\/a>\n                                                                    <\/div>\n                            <a href=\"\/articol\/integrarea-bpi-in-sistemul-educational-romanesc\" class=\"article-title\">Integrarea beneficiarilor de protec\u021bie interna\u021bional\u0103 in siste...<\/a>\n                                                \n        <\/div>\n            <div class=\"grid-item col col-12 col-md-4\" data-category=\"intrebari\">\n            <a href=\"\/articol\/optimizarea-programului-de-integrare-a-bpi-in-romania\" class=\"grid-button btn color-1-background color-1-border\">\u00centreb\u0103ri<\/a>\n            <div class=\"img-ie-container\">\n                                                        <a href=\"\/articol\/optimizarea-programului-de-integrare-a-bpi-in-romania\"><div class=\"image-article\" style=\"background:url( https:\/\/media1-prd-eu1.onlinefiles.info\/4f68c284\/f74909ac\/018b6a49\/ad3019b8\/media\/resized\/1393\/high-angle-young-friends-forming-shape-with-hands_14112bf2.jpg ); width: 100%;\">\n                        <\/div><\/a>\n                                                                    <\/div>\n                            <a href=\"\/articol\/optimizarea-programului-de-integrare-a-bpi-in-romania\" class=\"article-title\">Optimizarea programului de integrare a beneficiarilor de prote...<\/a>\n                                                \n        <\/div>\n    ","load_more_url":"\/articole\/interpelari-intrebari-declaratii-politice\/2?is_ajax=1&include_subcategories=1"}