{"html":"<div class=\"grid-item col col-12 col-md-4\" data-category=\"intrebari\">\n            <a href=\"\/articol\/reglementarea-adaosului-comercial-pentru-protejarea-producatorilor-locali\" class=\"grid-button btn color-1-background color-1-border\">\u00centreb\u0103ri<\/a>\n            <div class=\"img-ie-container\">\n                                                        <a href=\"\/articol\/reglementarea-adaosului-comercial-pentru-protejarea-producatorilor-locali\"><div class=\"image-article\" style=\"background:url( https:\/\/media1-prd-eu1.onlinefiles.info\/4f68c284\/f74909ac\/018b6a49\/ad3019b8\/media\/resized\/1393\/legume2_210b220e.jpeg ); width: 100%;\">\n                        <\/div><\/a>\n                                                                    <\/div>\n                            <a href=\"\/articol\/reglementarea-adaosului-comercial-pentru-protejarea-producatorilor-locali\" class=\"article-title\">Reglementarea adaosului comercial pentru protejarea produc\u0103tor...<\/a>\n                                                \n        <\/div>\n            <div class=\"grid-item col col-12 col-md-4\" data-category=\"declaratii-politice\">\n            <a href=\"\/articol\/confruntarea-cu-fenomenul-copiilor-disparuti\" class=\"grid-button btn color-1-background color-1-border\">Declara\u021bii politice<\/a>\n            <div class=\"img-ie-container\">\n                                                        <a href=\"\/articol\/confruntarea-cu-fenomenul-copiilor-disparuti\"><div class=\"image-article\" style=\"background:url( https:\/\/media1-prd-eu1.onlinefiles.info\/4f68c284\/f74909ac\/018b6a49\/ad3019b8\/media\/resized\/1393\/d89eccb9-5c6d-4b4a-8c7f-fda345c785f8_9446fad0.webp ); width: 100%;\">\n                        <\/div><\/a>\n                                                                    <\/div>\n                            <a href=\"\/articol\/confruntarea-cu-fenomenul-copiilor-disparuti\" class=\"article-title\">Confruntarea cu fenomenul copiilor disp\u0103ru\u021bi<\/a>\n                                                \n        <\/div>\n            <div class=\"grid-item col col-12 col-md-4\" data-category=\"intrebari\">\n            <a href=\"\/articol\/stadiul-analizei-infiintarii-unui-ghid-de-perspective-ocupationale\" class=\"grid-button btn color-1-background color-1-border\">\u00centreb\u0103ri<\/a>\n            <div class=\"img-ie-container\">\n                                                        <a href=\"\/articol\/stadiul-analizei-infiintarii-unui-ghid-de-perspective-ocupationale\"><div class=\"image-article\" style=\"background:url( https:\/\/media1-prd-eu1.onlinefiles.info\/4f68c284\/f74909ac\/018b6a49\/ad3019b8\/media\/resized\/1393\/untitled_468ae999.png ); width: 100%;\">\n                        <\/div><\/a>\n                                                                    <\/div>\n                            <a href=\"\/articol\/stadiul-analizei-infiintarii-unui-ghid-de-perspective-ocupationale\" class=\"article-title\">Stadiul analizei \u00eenfiin\u021b\u0103rii unui \u201eGhid de perspective ocupa\u021bi...<\/a>\n                                                \n        <\/div>\n            <div class=\"grid-item col col-12 col-md-4\" data-category=\"declaratii-politice\">\n            <a href=\"\/articol\/prioritizarea-sanatatii-mintale-a-tinerilor-din-romania\" class=\"grid-button btn color-1-background color-1-border\">Declara\u021bii politice<\/a>\n            <div class=\"img-ie-container\">\n                                                        <a href=\"\/articol\/prioritizarea-sanatatii-mintale-a-tinerilor-din-romania\"><div class=\"image-article\" style=\"background:url( https:\/\/media1-prd-eu1.onlinefiles.info\/4f68c284\/f74909ac\/018b6a49\/ad3019b8\/media\/resized\/1393\/authentic-group-therapy-meeting_16b35b73.jpg ); width: 100%;\">\n                        <\/div><\/a>\n                                                                    <\/div>\n                            <a href=\"\/articol\/prioritizarea-sanatatii-mintale-a-tinerilor-din-romania\" class=\"article-title\">Prioritizarea s\u0103n\u0103t\u0103\u021bii mintale a tinerilor din Rom\u00e2nia<\/a>\n                                                \n        <\/div>\n            <div class=\"grid-item col col-12 col-md-4\" data-category=\"declaratii-politice\">\n            <a href=\"\/articol\/romania-in-lupta-impotriva-traficului-de-persoane\" class=\"grid-button btn color-1-background color-1-border\">Declara\u021bii politice<\/a>\n            <div class=\"img-ie-container\">\n                                                        <a href=\"\/articol\/romania-in-lupta-impotriva-traficului-de-persoane\"><div class=\"image-article\" style=\"background:url( https:\/\/media1-prd-eu1.onlinefiles.info\/4f68c284\/f74909ac\/018b6a49\/ad3019b8\/media\/resized\/1393\/young-child-getting-physical-abuse-from-parent_e68696b2.jpg ); width: 100%;\">\n                        <\/div><\/a>\n                                                                    <\/div>\n                            <a href=\"\/articol\/romania-in-lupta-impotriva-traficului-de-persoane\" class=\"article-title\">Rom\u00e2nia \u00een lupta \u00eempotriva traficului de persoane<\/a>\n                                                \n        <\/div>\n            <div class=\"grid-item col col-12 col-md-4\" data-category=\"intrebari\">\n            <a href=\"\/articol\/imbunatatirea-sistemului-de-transplanturi-din-romania\" class=\"grid-button btn color-1-background color-1-border\">\u00centreb\u0103ri<\/a>\n            <div class=\"img-ie-container\">\n                                                        <a href=\"\/articol\/imbunatatirea-sistemului-de-transplanturi-din-romania\"><div class=\"image-article\" style=\"background:url( https:\/\/media1-prd-eu1.onlinefiles.info\/4f68c284\/f74909ac\/018b6a49\/ad3019b8\/media\/resized\/1393\/dall-e-2024-04-30-18-33-39-a-conceptual-illustration-for-the-theme-improving-the-transplant-system-in-romania-the-image-should-depict-a-modern-hospital-setting-with-a-focus-o_757885ea.webp ); width: 100%;\">\n                        <\/div><\/a>\n                                                                    <\/div>\n                            <a href=\"\/articol\/imbunatatirea-sistemului-de-transplanturi-din-romania\" class=\"article-title\">\u00cembun\u0103t\u0103\u021birea sistemului de transplanturi din Rom\u00e2nia<\/a>\n                                                \n        <\/div>\n            <div class=\"grid-item col col-12 col-md-4\" data-category=\"intrebari\">\n            <a href=\"\/articol\/solicitare-informatii-privind-educatia-si-preventia-privind-consumul-de-alcool\" class=\"grid-button btn color-1-background color-1-border\">\u00centreb\u0103ri<\/a>\n            <div class=\"img-ie-container\">\n                                                        <a href=\"\/articol\/solicitare-informatii-privind-educatia-si-preventia-privind-consumul-de-alcool\"><div class=\"image-article\" style=\"background:url( https:\/\/media1-prd-eu1.onlinefiles.info\/4f68c284\/f74909ac\/018b6a49\/ad3019b8\/media\/resized\/1393\/bad-alcohol-habit_8033d495.jpg ); width: 100%;\">\n                        <\/div><\/a>\n                                                                    <\/div>\n                            <a href=\"\/articol\/solicitare-informatii-privind-educatia-si-preventia-privind-consumul-de-alcool\" class=\"article-title\">Solicitare de informa\u021bii privind m\u0103surile de educa\u021bie \u0219i preve...<\/a>\n                                                \n        <\/div>\n            <div class=\"grid-item col col-12 col-md-4\" data-category=\"intrebari\">\n            <a href=\"\/articol\/abordarea-provocarilor-din-sistemul-de-invatamant-romanesc\" class=\"grid-button btn color-1-background color-1-border\">\u00centreb\u0103ri<\/a>\n            <div class=\"img-ie-container\">\n                                                        <a href=\"\/articol\/abordarea-provocarilor-din-sistemul-de-invatamant-romanesc\"><div class=\"image-article\" style=\"background:url( https:\/\/media1-prd-eu1.onlinefiles.info\/4f68c284\/f74909ac\/018b6a49\/ad3019b8\/media\/resized\/1393\/dall-e-2024-04-30-18-27-21-a-conceptual-illustration-representing-the-theme-addressing-challenges-in-the-romanian-education-system-responding-to-european-standards-the-image_fa58e550.webp ); width: 100%;\">\n                        <\/div><\/a>\n                                                                    <\/div>\n                            <a href=\"\/articol\/abordarea-provocarilor-din-sistemul-de-invatamant-romanesc\" class=\"article-title\">Abordarea provoc\u0103rilor din sistemul de \u00eenv\u0103\u021b\u0103m\u00e2nt rom\u00e2nesc: cu...<\/a>\n                                                \n        <\/div>\n            <div class=\"grid-item col col-12 col-md-4\" data-category=\"intrebari\">\n            <a href=\"\/articol\/provocari-in-ceea-ce-priveste-accesul-la-servicii-medicale-de-urgenta\" class=\"grid-button btn color-1-background color-1-border\">\u00centreb\u0103ri<\/a>\n            <div class=\"img-ie-container\">\n                                                        <a href=\"\/articol\/provocari-in-ceea-ce-priveste-accesul-la-servicii-medicale-de-urgenta\"><div class=\"image-article\" style=\"background:url( https:\/\/media1-prd-eu1.onlinefiles.info\/4f68c284\/f74909ac\/018b6a49\/ad3019b8\/media\/resized\/1393\/dall-e-2024-04-25-15-26-36-a-conceptual-illustration-showing-the-theme-challenges-in-access-to-emergency-medical-services-in-a-less-dramatic-setting-the-image-should-depict-a_d872f976.webp ); width: 100%;\">\n                        <\/div><\/a>\n                                                                    <\/div>\n                            <a href=\"\/articol\/provocari-in-ceea-ce-priveste-accesul-la-servicii-medicale-de-urgenta\" class=\"article-title\">Provoc\u0103ri \u00een ceea ce prive\u0219te accesul la servicii medicale de ...<\/a>\n                                                \n        <\/div>\n    ","load_more_url":"\/articole\/interpelari-intrebari-declaratii-politice\/3?is_ajax=1&include_subcategories=1"}