{"html":"<div class=\"grid-item col col-12 col-md-4\" data-category=\"declaratii-politice\">\n            <a href=\"\/articol\/maternitatea-la-varste-fragede-in-romania\" class=\"grid-button btn color-1-background color-1-border\">Declara\u021bii politice<\/a>\n            <div class=\"img-ie-container\">\n                                                        <a href=\"\/articol\/maternitatea-la-varste-fragede-in-romania\"><div class=\"image-article\" style=\"background:url( https:\/\/media1-prd-eu1.onlinefiles.info\/4f68c284\/f74909ac\/018b6a49\/ad3019b8\/media\/resized\/1393\/140336365l_9b550007.webp ); width: 100%;\">\n                        <\/div><\/a>\n                                                                    <\/div>\n                            <a href=\"\/articol\/maternitatea-la-varste-fragede-in-romania\" class=\"article-title\">Maternitatea la v\u00e2rste fragede \u00een Rom\u00e2nia<\/a>\n                                    <p class=\"article-date\"><i\n                        class=\"fas fa-calendar-alt mr-1\"><\/i>29 Jun 2024\n            <\/p>\n                                                        <div class=\"title-excerpt\">\n                    <a class=\"link-excerpt\" href=\"\/articol\/maternitatea-la-varste-fragede-in-romania\">Stima\u021bi colegi \u0219i colege,Doresc ast\u0103zi s\u0103 abordez o problem\u0103 social\u0103 presant\u0103 cu care se confrunt\u0103 \u021bara noastr\u0103 \u00een preze...<\/a>\n                <\/div>\n                                        \n        <\/div>\n            <div class=\"grid-item col col-12 col-md-4\" data-category=\"declaratii-politice\">\n            <a href=\"\/articol\/confruntarea-cu-fenomenul-copiilor-disparuti\" class=\"grid-button btn color-1-background color-1-border\">Declara\u021bii politice<\/a>\n            <div class=\"img-ie-container\">\n                                                        <a href=\"\/articol\/confruntarea-cu-fenomenul-copiilor-disparuti\"><div class=\"image-article\" style=\"background:url( https:\/\/media1-prd-eu1.onlinefiles.info\/4f68c284\/f74909ac\/018b6a49\/ad3019b8\/media\/resized\/1393\/d89eccb9-5c6d-4b4a-8c7f-fda345c785f8_9446fad0.webp ); width: 100%;\">\n                        <\/div><\/a>\n                                                                    <\/div>\n                            <a href=\"\/articol\/confruntarea-cu-fenomenul-copiilor-disparuti\" class=\"article-title\">Confruntarea cu fenomenul copiilor disp\u0103ru\u021bi<\/a>\n                                    <p class=\"article-date\"><i\n                        class=\"fas fa-calendar-alt mr-1\"><\/i>05 Jun 2024\n            <\/p>\n                                                        <div class=\"title-excerpt\">\n                    <a class=\"link-excerpt\" href=\"\/articol\/confruntarea-cu-fenomenul-copiilor-disparuti\">Stima\u021bi colegi,\u00cen Rom\u00e2nia, fenomenul copiilor disp\u0103ru\u021bi continu\u0103 s\u0103 fie o problem\u0103 grav\u0103, care necesit\u0103 interven\u021bii efic...<\/a>\n                <\/div>\n                                        \n        <\/div>\n            <div class=\"grid-item col col-12 col-md-4\" data-category=\"declaratii-politice\">\n            <a href=\"\/articol\/prioritizarea-sanatatii-mintale-a-tinerilor-din-romania\" class=\"grid-button btn color-1-background color-1-border\">Declara\u021bii politice<\/a>\n            <div class=\"img-ie-container\">\n                                                        <a href=\"\/articol\/prioritizarea-sanatatii-mintale-a-tinerilor-din-romania\"><div class=\"image-article\" style=\"background:url( https:\/\/media1-prd-eu1.onlinefiles.info\/4f68c284\/f74909ac\/018b6a49\/ad3019b8\/media\/resized\/1393\/authentic-group-therapy-meeting_16b35b73.jpg ); width: 100%;\">\n                        <\/div><\/a>\n                                                                    <\/div>\n                            <a href=\"\/articol\/prioritizarea-sanatatii-mintale-a-tinerilor-din-romania\" class=\"article-title\">Prioritizarea s\u0103n\u0103t\u0103\u021bii mintale a tinerilor din Rom\u00e2nia<\/a>\n                                    <p class=\"article-date\"><i\n                        class=\"fas fa-calendar-alt mr-1\"><\/i>30 Apr 2024\n            <\/p>\n                                                        <div class=\"title-excerpt\">\n                    <a class=\"link-excerpt\" href=\"\/articol\/prioritizarea-sanatatii-mintale-a-tinerilor-din-romania\">Stima\u021bi colegi,\u00cen contextul actual al globaliz\u0103rii, s\u0103n\u0103tatea mintal\u0103 a tinerilor reprezint\u0103 o preocupare mondial\u0103 ce ne...<\/a>\n                <\/div>\n                                        \n        <\/div>\n            <div class=\"grid-item col col-12 col-md-4\" data-category=\"declaratii-politice\">\n            <a href=\"\/articol\/romania-in-lupta-impotriva-traficului-de-persoane\" class=\"grid-button btn color-1-background color-1-border\">Declara\u021bii politice<\/a>\n            <div class=\"img-ie-container\">\n                                                        <a href=\"\/articol\/romania-in-lupta-impotriva-traficului-de-persoane\"><div class=\"image-article\" style=\"background:url( https:\/\/media1-prd-eu1.onlinefiles.info\/4f68c284\/f74909ac\/018b6a49\/ad3019b8\/media\/resized\/1393\/young-child-getting-physical-abuse-from-parent_e68696b2.jpg ); width: 100%;\">\n                        <\/div><\/a>\n                                                                    <\/div>\n                            <a href=\"\/articol\/romania-in-lupta-impotriva-traficului-de-persoane\" class=\"article-title\">Rom\u00e2nia \u00een lupta \u00eempotriva traficului de persoane<\/a>\n                                    <p class=\"article-date\"><i\n                        class=\"fas fa-calendar-alt mr-1\"><\/i>30 Apr 2024\n            <\/p>\n                                                        <div class=\"title-excerpt\">\n                    <a class=\"link-excerpt\" href=\"\/articol\/romania-in-lupta-impotriva-traficului-de-persoane\">Stima\u021bi colegi,Ast\u0103zi ne confrunt\u0103m cu o realitate sumbr\u0103 care nu poate fi ignorat\u0103. Traficul de persoane r\u0103m\u00e2ne o probl...<\/a>\n                <\/div>\n                                        \n        <\/div>\n            <div class=\"grid-item col col-12 col-md-4\" data-category=\"declaratii-politice\">\n            <a href=\"\/articol\/epidemia-tacuta-saracia-si-sanatatea-mintala-in-randul-tinerilor-romani\" class=\"grid-button btn color-1-background color-1-border\">Declara\u021bii politice<\/a>\n            <div class=\"img-ie-container\">\n                                                        <a href=\"\/articol\/epidemia-tacuta-saracia-si-sanatatea-mintala-in-randul-tinerilor-romani\"><div class=\"image-article\" style=\"background:url( https:\/\/media1-prd-eu1.onlinefiles.info\/4f68c284\/f74909ac\/018b6a49\/ad3019b8\/media\/resized\/1393\/3949722_68b2f8c4.jpg ); width: 100%;\">\n                        <\/div><\/a>\n                                                                    <\/div>\n                            <a href=\"\/articol\/epidemia-tacuta-saracia-si-sanatatea-mintala-in-randul-tinerilor-romani\" class=\"article-title\">Epidemia t\u0103cut\u0103: s\u0103r\u0103cia \u0219i s\u0103n\u0103tatea mintal\u0103 \u00een r\u00e2ndul tineri...<\/a>\n                                    <p class=\"article-date\"><i\n                        class=\"fas fa-calendar-alt mr-1\"><\/i>25 Apr 2024\n            <\/p>\n                                                        <div class=\"title-excerpt\">\n                    <a class=\"link-excerpt\" href=\"\/articol\/epidemia-tacuta-saracia-si-sanatatea-mintala-in-randul-tinerilor-romani\">Stima\u021bi colegi,Situa\u021bia actual\u0103 tinerilor din Rom\u00e2nia, subliniat\u0103 de recentele statistici ale Eurostat, plaseaz\u0103 \u021bara no...<\/a>\n                <\/div>\n                                        \n        <\/div>\n            <div class=\"grid-item col col-12 col-md-4\" data-category=\"declaratii-politice\">\n            <a href=\"\/articol\/conectati-in-siguranta-protejarea-tinerilor-in-mediul-online\" class=\"grid-button btn color-1-background color-1-border\">Declara\u021bii politice<\/a>\n            <div class=\"img-ie-container\">\n                                                        <a href=\"\/articol\/conectati-in-siguranta-protejarea-tinerilor-in-mediul-online\"><div class=\"image-article\" style=\"background:url( https:\/\/media1-prd-eu1.onlinefiles.info\/4f68c284\/f74909ac\/018b6a49\/ad3019b8\/media\/resized\/1393\/4056565_1c349857.jpg ); width: 100%;\">\n                        <\/div><\/a>\n                                                                    <\/div>\n                            <a href=\"\/articol\/conectati-in-siguranta-protejarea-tinerilor-in-mediul-online\" class=\"article-title\">Conecta\u021bi \u00een siguran\u021b\u0103: protejarea tinerilor \u00een mediul online...<\/a>\n                                    <p class=\"article-date\"><i\n                        class=\"fas fa-calendar-alt mr-1\"><\/i>13 Apr 2024\n            <\/p>\n                                                        <div class=\"title-excerpt\">\n                    <a class=\"link-excerpt\" href=\"\/articol\/conectati-in-siguranta-protejarea-tinerilor-in-mediul-online\">Stima\u021bi colegi,Un raport recent al Organiza\u021biei Mondiale a S\u0103n\u0103t\u0103\u021bii ne avertizeaz\u0103 cu privire la o problem\u0103 din ce \u00een c...<\/a>\n                <\/div>\n                                        \n        <\/div>\n            <div class=\"grid-item col col-12 col-md-4\" data-category=\"declaratii-politice\">\n            <a href=\"\/articol\/pe-drumul-spre-schengen-angajamentul-pnl-pentru-o-romanie-europeana\" class=\"grid-button btn color-1-background color-1-border\">Declara\u021bii politice<\/a>\n            <div class=\"img-ie-container\">\n                                                        <a href=\"\/articol\/pe-drumul-spre-schengen-angajamentul-pnl-pentru-o-romanie-europeana\"><div class=\"image-article\" style=\"background:url( https:\/\/media1-prd-eu1.onlinefiles.info\/4f68c284\/f74909ac\/018b6a49\/ad3019b8\/media\/resized\/1393\/woman-putting-european-union-envelope-box_80d6b0b8.jpg ); width: 100%;\">\n                        <\/div><\/a>\n                                                                    <\/div>\n                            <a href=\"\/articol\/pe-drumul-spre-schengen-angajamentul-pnl-pentru-o-romanie-europeana\" class=\"article-title\">Pe drumul spre Schengen: angajamentul PNL pentru o Rom\u00e2nie eur...<\/a>\n                                    <p class=\"article-date\"><i\n                        class=\"fas fa-calendar-alt mr-1\"><\/i>10 Apr 2024\n            <\/p>\n                                                        <div class=\"title-excerpt\">\n                    <a class=\"link-excerpt\" href=\"\/articol\/pe-drumul-spre-schengen-angajamentul-pnl-pentru-o-romanie-europeana\">Stima\u021bi colegi,Aderarea la spa\u021biul Schengen r\u0103m\u00e2ne un pilon central \u00een strategia Rom\u00e2niei pe scena european\u0103. Aceast\u0103 as...<\/a>\n                <\/div>\n                                        \n        <\/div>\n            <div class=\"grid-item col col-12 col-md-4\" data-category=\"declaratii-politice\">\n            <a href=\"\/articol\/siguranta-in-scoli-prioritatea-noastra-absoluta\" class=\"grid-button btn color-1-background color-1-border\">Declara\u021bii politice<\/a>\n            <div class=\"img-ie-container\">\n                                                        <a href=\"\/articol\/siguranta-in-scoli-prioritatea-noastra-absoluta\"><div class=\"image-article\" style=\"background:url( https:\/\/media1-prd-eu1.onlinefiles.info\/4f68c284\/f74909ac\/018b6a49\/ad3019b8\/media\/resized\/1393\/dall-e-2024-03-13-14-03-52-envision-a-realistic-romanian-school-setting-that-conveys-a-profound-commitment-to-student-safety-without-any-text-or-explicit-signage-the-school-fe_4865fca8.webp ); width: 100%;\">\n                        <\/div><\/a>\n                                                                    <\/div>\n                            <a href=\"\/articol\/siguranta-in-scoli-prioritatea-noastra-absoluta\" class=\"article-title\">Siguran\u021ba \u00een \u0219coli, prioritatea noastr\u0103 absolut\u0103<\/a>\n                                    <p class=\"article-date\"><i\n                        class=\"fas fa-calendar-alt mr-1\"><\/i>10 Apr 2024\n            <\/p>\n                                                        <div class=\"title-excerpt\">\n                    <a class=\"link-excerpt\" href=\"\/articol\/siguranta-in-scoli-prioritatea-noastra-absoluta\">Dragi colegi,\u00cen calitate de senator PNL, condamn ferm evenimentele tulbur\u0103toare de la \u0218coala Nicolae Titulescu. Aceste i...<\/a>\n                <\/div>\n                                        \n        <\/div>\n            <div class=\"grid-item col col-12 col-md-4\" data-category=\"declaratii-politice\">\n            <a href=\"\/articol\/unitate-in-diversitate-nondiscriminare\" class=\"grid-button btn color-1-background color-1-border\">Declara\u021bii politice<\/a>\n            <div class=\"img-ie-container\">\n                                                        <a href=\"\/articol\/unitate-in-diversitate-nondiscriminare\"><div class=\"image-article\" style=\"background:url( https:\/\/media1-prd-eu1.onlinefiles.info\/4f68c284\/f74909ac\/018b6a49\/ad3019b8\/media\/resized\/1393\/top-view-paper-style-community-map_06e276cc.jpg ); width: 100%;\">\n                        <\/div><\/a>\n                                                                    <\/div>\n                            <a href=\"\/articol\/unitate-in-diversitate-nondiscriminare\" class=\"article-title\">Unitate \u00een diversitate: angajamentul Rom\u00e2niei \u00eempotriva discri...<\/a>\n                                    <p class=\"article-date\"><i\n                        class=\"fas fa-calendar-alt mr-1\"><\/i>10 Apr 2024\n            <\/p>\n                                                        <div class=\"title-excerpt\">\n                    <a class=\"link-excerpt\" href=\"\/articol\/unitate-in-diversitate-nondiscriminare\">Dragi colegi,Ast\u0103zi, ca reprezentant al Partidului Na\u021bional Liberal, vreau s\u0103 vorbesc despre ceva care ne preocup\u0103 pe to...<\/a>\n                <\/div>\n                                        \n        <\/div>\n    ","load_more_url":"\/articole\/declaratii-politice\/2?is_ajax=1&include_subcategories=1"}