{"html":"<div class=\"grid-item col col-12 col-md-4\" data-category=\"declaratii-politice\">\n            <a href=\"\/articol\/viitorul-cercetarii-in-uniunea-europeana\" class=\"grid-button btn color-1-background color-1-border\">Declara\u021bii politice<\/a>\n            <div class=\"img-ie-container\">\n                                                        <a href=\"\/articol\/viitorul-cercetarii-in-uniunea-europeana\"><div class=\"image-article\" style=\"background:url( https:\/\/media1-prd-eu1.onlinefiles.info\/4f68c284\/f74909ac\/018b6a49\/ad3019b8\/media\/resized\/1393\/dall-e-2024-03-04-12-30-27-create-a-realistic-and-inspiring-image-that-embodies-the-theme-the-future-of-research-in-the-european-union-innovation-without-borders-visualize-a_827dac4c.webp ); width: 100%;\">\n                        <\/div><\/a>\n                                                                    <\/div>\n                            <a href=\"\/articol\/viitorul-cercetarii-in-uniunea-europeana\" class=\"article-title\">Viitorul cercet\u0103rii \u00een Uniunea European\u0103: inova\u021bie f\u0103r\u0103 fronti...<\/a>\n                                    <p class=\"article-date\"><i\n                        class=\"fas fa-calendar-alt mr-1\"><\/i>10 Apr 2024\n            <\/p>\n                                                        <div class=\"title-excerpt\">\n                    <a class=\"link-excerpt\" href=\"\/articol\/viitorul-cercetarii-in-uniunea-europeana\">Stima\u021bi colegi,Sunt \u00eenc\u00e2ntat s\u0103 am \u0219ansa de a vorbi despre un subiect important pentru viitorul cercet\u0103rii \u0219i inov\u0103rii \u00ee...<\/a>\n                <\/div>\n                                        \n        <\/div>\n            <div class=\"grid-item col col-12 col-md-4\" data-category=\"declaratii-politice\">\n            <a href=\"\/articol\/fundamentarea-viitorului-european-strategii\" class=\"grid-button btn color-1-background color-1-border\">Declara\u021bii politice<\/a>\n            <div class=\"img-ie-container\">\n                                                        <a href=\"\/articol\/fundamentarea-viitorului-european-strategii\"><div class=\"image-article\" style=\"background:url( https:\/\/media1-prd-eu1.onlinefiles.info\/4f68c284\/f74909ac\/018b6a49\/ad3019b8\/media\/resized\/1393\/50a4849e-f354-42af-a079-a0bb666f8dbd_5c483a4e.webp ); width: 100%;\">\n                        <\/div><\/a>\n                                                                    <\/div>\n                            <a href=\"\/articol\/fundamentarea-viitorului-european-strategii\" class=\"article-title\">Fundamentarea viitorului european: strategii de educa\u021bie pentr...<\/a>\n                                    <p class=\"article-date\"><i\n                        class=\"fas fa-calendar-alt mr-1\"><\/i>10 Apr 2024\n            <\/p>\n                                                        <div class=\"title-excerpt\">\n                    <a class=\"link-excerpt\" href=\"\/articol\/fundamentarea-viitorului-european-strategii\">Stimate colege, stima\u021bi colegi,Aduc \u00een discu\u021bie ast\u0103zi o problem\u0103 de o importan\u021b\u0103 fundamental\u0103 pentru viitorul nostru co...<\/a>\n                <\/div>\n                                        \n        <\/div>\n            <div class=\"grid-item col col-12 col-md-4\" data-category=\"declaratii-politice\">\n            <a href=\"\/articol\/nu-avem-voie-sa-uitam-macar-acum-societatea-romaneasca-este-datoare-sa-asculte-vocea-victimelor-caminelor-spital-din-timpul-regimului-comunist\" class=\"grid-button btn color-1-background color-1-border\">Declara\u021bii politice<\/a>\n            <div class=\"img-ie-container\">\n                                                        <a href=\"\/articol\/nu-avem-voie-sa-uitam-macar-acum-societatea-romaneasca-este-datoare-sa-asculte-vocea-victimelor-caminelor-spital-din-timpul-regimului-comunist\"><div class=\"image-article\" style=\"background:url( https:\/\/media1-prd-eu1.onlinefiles.info\/4f68c284\/f74909ac\/018b6a49\/ad3019b8\/media\/resized\/1393\/old-rusty-soviet-beds-kindergarten-chernobyl-ghost-town-ukraine_ccc69ac7.jpg ); width: 100%;\">\n                        <\/div><\/a>\n                                                                    <\/div>\n                            <a href=\"\/articol\/nu-avem-voie-sa-uitam-macar-acum-societatea-romaneasca-este-datoare-sa-asculte-vocea-victimelor-caminelor-spital-din-timpul-regimului-comunist\" class=\"article-title\">Nu avem voie s\u0103 uit\u0103m! M\u0103car acum, societatea rom\u00e2neasc\u0103 este ...<\/a>\n                                    <p class=\"article-date\"><i\n                        class=\"fas fa-calendar-alt mr-1\"><\/i>05 Apr 2023\n            <\/p>\n                                                        <div class=\"title-excerpt\">\n                    <a class=\"link-excerpt\" href=\"\/articol\/nu-avem-voie-sa-uitam-macar-acum-societatea-romaneasca-este-datoare-sa-asculte-vocea-victimelor-caminelor-spital-din-timpul-regimului-comunist\">\t\u00cen calitatea noastr\u0103 de demnitari, avem nu doar datoria de a expune pozi\u021bii \u0219i puncte de vedere cu privire la chestiuni...<\/a>\n                <\/div>\n                                        \n        <\/div>\n            <div class=\"grid-item col col-12 col-md-4\" data-category=\"declaratii-politice\">\n            <a href=\"\/articol\/pnl-guverneaza-cu-responsabilitate-educatia-din-romania-mentinand-scolile-deschise-indiferent-de-costuri\" class=\"grid-button btn color-1-background color-1-border\">Declara\u021bii politice<\/a>\n            <div class=\"img-ie-container\">\n                                                        <a href=\"\/articol\/pnl-guverneaza-cu-responsabilitate-educatia-din-romania-mentinand-scolile-deschise-indiferent-de-costuri\"><div class=\"image-article\" style=\"background:url( https:\/\/media1-prd-eu1.onlinefiles.info\/4f68c284\/f74909ac\/018b6a49\/ad3019b8\/media\/resized\/1393\/whatsapp-image-2022-09-07-at-11-07-54_b307e152.jpeg ); width: 100%;\">\n                        <\/div><\/a>\n                                                                    <\/div>\n                            <a href=\"\/articol\/pnl-guverneaza-cu-responsabilitate-educatia-din-romania-mentinand-scolile-deschise-indiferent-de-costuri\" class=\"article-title\">PNL guverneaz\u0103 cu responsabilitate Educa\u021bia din Rom\u00e2nia, men\u021bi...<\/a>\n                                    <p class=\"article-date\"><i\n                        class=\"fas fa-calendar-alt mr-1\"><\/i>26 Oct 2022\n            <\/p>\n                                                        <div class=\"title-excerpt\">\n                    <a class=\"link-excerpt\" href=\"\/articol\/pnl-guverneaza-cu-responsabilitate-educatia-din-romania-mentinand-scolile-deschise-indiferent-de-costuri\">\tAv\u00e2nd \u00een vedere faptul c\u0103 urmele tranzi\u021biei bru\u0219te de la \u00eenv\u0103\u021b\u0103m\u00e2ntul fa\u021b\u0103 \u00een fa\u021b\u0103 la cel digital, cauzat\u0103 de pandemie,...<\/a>\n                <\/div>\n                                        \n        <\/div>\n            <div class=\"grid-item col col-12 col-md-4\" data-category=\"declaratii-politice\">\n            <a href=\"\/articol\/pnl-numeste-un-tehnocrat-la-conducerea-educatiei\" class=\"grid-button btn color-1-background color-1-border\">Declara\u021bii politice<\/a>\n            <div class=\"img-ie-container\">\n                                                        <a href=\"\/articol\/pnl-numeste-un-tehnocrat-la-conducerea-educatiei\"><div class=\"image-article\" style=\"background:url( https:\/\/media1-prd-eu1.onlinefiles.info\/4f68c284\/f74909ac\/018b6a49\/ad3019b8\/media\/resized\/1393\/whatsapp-image-2022-09-07-at-11-07-21_e5b34764.jpeg ); width: 100%;\">\n                        <\/div><\/a>\n                                                                    <\/div>\n                            <a href=\"\/articol\/pnl-numeste-un-tehnocrat-la-conducerea-educatiei\" class=\"article-title\">PNL nume\u0219te un tehnocrat la conducerea Educa\u021biei<\/a>\n                                    <p class=\"article-date\"><i\n                        class=\"fas fa-calendar-alt mr-1\"><\/i>05 Oct 2022\n            <\/p>\n                                                        <div class=\"title-excerpt\">\n                    <a class=\"link-excerpt\" href=\"\/articol\/pnl-numeste-un-tehnocrat-la-conducerea-educatiei\">Stimate colege, stima\u021bi colegi,\t\tTitlul declara\u021biei mele politice de ast\u0103zi este: Partidul Na\u021bional Liberal nume\u0219te un t...<\/a>\n                <\/div>\n                                        \n        <\/div>\n            <div class=\"grid-item col col-12 col-md-4\" data-category=\"declaratii-politice\">\n            <a href=\"\/articol\/societatea-romaneasca-este-alaturi-de-tinerii-ucrainieni\" class=\"grid-button btn color-1-background color-1-border\">Declara\u021bii politice<\/a>\n            <div class=\"img-ie-container\">\n                                                        <a href=\"\/articol\/societatea-romaneasca-este-alaturi-de-tinerii-ucrainieni\"><div class=\"image-article\" style=\"background:url( https:\/\/media1-prd-eu1.onlinefiles.info\/4f68c284\/f74909ac\/018b6a49\/ad3019b8\/media\/resized\/1393\/ukraine-school_1f86a014.jpg ); width: 100%;\">\n                        <\/div><\/a>\n                                                                    <\/div>\n                            <a href=\"\/articol\/societatea-romaneasca-este-alaturi-de-tinerii-ucrainieni\" class=\"article-title\">Societatea rom\u00e2neasc\u0103 este al\u0103turi de tinerii ucrainieni<\/a>\n                                    <p class=\"article-date\"><i\n                        class=\"fas fa-calendar-alt mr-1\"><\/i>09 Mar 2022\n            <\/p>\n                                                        <div class=\"title-excerpt\">\n                    <a class=\"link-excerpt\" href=\"\/articol\/societatea-romaneasca-este-alaturi-de-tinerii-ucrainieni\">Conform statisticilor oficiale, p\u00e2n\u0103 la data de 4 martie, peste 60 000 de ucrainieni s-au refugiat din calea r\u0103zboiului ...<\/a>\n                <\/div>\n                                        \n        <\/div>\n            <div class=\"grid-item col col-12 col-md-4\" data-category=\"declaratii-politice\">\n            <a href=\"\/articol\/romania-un-participant-energic-la-conversatia-privind-viitorul-european-al-tinerilor\" class=\"grid-button btn color-1-background color-1-border\">Declara\u021bii politice<\/a>\n            <div class=\"img-ie-container\">\n                                                        <a href=\"\/articol\/romania-un-participant-energic-la-conversatia-privind-viitorul-european-al-tinerilor\"><div class=\"image-article\" style=\"background:url( https:\/\/media1-prd-eu1.onlinefiles.info\/4f68c284\/f74909ac\/018b6a49\/ad3019b8\/media\/resized\/1393\/young-friend-lifting-stacked-hands-together_fc9f0c54.jpg ); width: 100%;\">\n                        <\/div><\/a>\n                                                                    <\/div>\n                            <a href=\"\/articol\/romania-un-participant-energic-la-conversatia-privind-viitorul-european-al-tinerilor\" class=\"article-title\">Rom\u00e2nia, un participant energic la conversa\u021bia privind viitoru...<\/a>\n                                    <p class=\"article-date\"><i\n                        class=\"fas fa-calendar-alt mr-1\"><\/i>15 Dec 2021\n            <\/p>\n                                                        <div class=\"title-excerpt\">\n                    <a class=\"link-excerpt\" href=\"\/articol\/romania-un-participant-energic-la-conversatia-privind-viitorul-european-al-tinerilor\">\t\u00cen cadrul sesiunii plenare a Parlamentului European din aceast\u0103 s\u0103pt\u0103m\u00e2n\u0103, de la Strasbourg, institu\u021biile europene au a...<\/a>\n                <\/div>\n                                        \n        <\/div>\n            <div class=\"grid-item col col-12 col-md-4\" data-category=\"declaratii-politice\">\n            <a href=\"\/articol\/rolul-evaluarilor-standardizate-in-asigurarea-unui-proces-educational-calitativ-si-predictibil\" class=\"grid-button btn color-1-background color-1-border\">Declara\u021bii politice<\/a>\n            <div class=\"img-ie-container\">\n                                                        <a href=\"\/articol\/rolul-evaluarilor-standardizate-in-asigurarea-unui-proces-educational-calitativ-si-predictibil\"><div class=\"image-article\" style=\"background:url( https:\/\/media1-prd-eu1.onlinefiles.info\/4f68c284\/f74909ac\/018b6a49\/ad3019b8\/media\/resized\/1393\/young-female-studying-with-notebook-library_5832bfd0.jpg ); width: 100%;\">\n                        <\/div><\/a>\n                                                                    <\/div>\n                            <a href=\"\/articol\/rolul-evaluarilor-standardizate-in-asigurarea-unui-proces-educational-calitativ-si-predictibil\" class=\"article-title\">Rolul evalu\u0103rilor standardizate \u00een asigurarea unui proces educ...<\/a>\n                                    <p class=\"article-date\"><i\n                        class=\"fas fa-calendar-alt mr-1\"><\/i>17 Nov 2021\n            <\/p>\n                                                        <div class=\"title-excerpt\">\n                    <a class=\"link-excerpt\" href=\"\/articol\/rolul-evaluarilor-standardizate-in-asigurarea-unui-proces-educational-calitativ-si-predictibil\">Ne afl\u0103m \u00een mijlocul primului semestrul al celui de-al treilea an \u0219colar pandemic, \u00eens\u0103 discu\u021biile par c\u0103 au r\u0103mas la ac...<\/a>\n                <\/div>\n                                        \n        <\/div>\n            <div class=\"grid-item col col-12 col-md-4\" data-category=\"declaratii-politice\">\n            <a href=\"\/articol\/romania-din-nou-la-coada-uniunii-europene-in-ceea-ce-priveste-tinerii-fara-ocupatie\" class=\"grid-button btn color-1-background color-1-border\">Declara\u021bii politice<\/a>\n            <div class=\"img-ie-container\">\n                                                        <a href=\"\/articol\/romania-din-nou-la-coada-uniunii-europene-in-ceea-ce-priveste-tinerii-fara-ocupatie\"><div class=\"image-article\" style=\"background:url( https:\/\/media1-prd-eu1.onlinefiles.info\/4f68c284\/f74909ac\/018b6a49\/ad3019b8\/media\/resized\/1393\/neeeets_29a379de.png ); width: 100%;\">\n                        <\/div><\/a>\n                                                                    <\/div>\n                            <a href=\"\/articol\/romania-din-nou-la-coada-uniunii-europene-in-ceea-ce-priveste-tinerii-fara-ocupatie\" class=\"article-title\">Rom\u00e2nia, din nou la coada Uniunii Europene \u00een ceea ce prive\u0219te...<\/a>\n                                    <p class=\"article-date\"><i\n                        class=\"fas fa-calendar-alt mr-1\"><\/i>13 Oct 2021\n            <\/p>\n                                                        <div class=\"title-excerpt\">\n                    <a class=\"link-excerpt\" href=\"\/articol\/romania-din-nou-la-coada-uniunii-europene-in-ceea-ce-priveste-tinerii-fara-ocupatie\">Un raport realizat de Eurostat pentru Parlamentul European, publicat \u00een luna septembrie 2021, indic\u0103 faptul c\u0103 ponderea ...<\/a>\n                <\/div>\n                                        \n        <\/div>\n    ","load_more_url":"\/articole\/declaratii-politice\/3?is_ajax=1&include_subcategories=1"}