{"html":"<div class=\"grid-item col col-12 col-md-4\" data-category=\"alaturi-de-bihoreni\">\n            <a href=\"\/articol\/inovarea-tehnologica-si-cercetarea-in-atentia-senatorului\" class=\"grid-button btn color-1-background color-1-border\">Al\u0103turi de Bihoreni<\/a>\n            <div class=\"img-ie-container\">\n                                                        <a href=\"\/articol\/inovarea-tehnologica-si-cercetarea-in-atentia-senatorului\"><div class=\"image-article\" style=\"background:url( https:\/\/media1-prd-eu1.onlinefiles.info\/4f68c284\/f74909ac\/018b6a49\/ad3019b8\/media\/resized\/1393\/422432126-906817564777197-1329343366560660177-n_ec081ec7.jpeg ); width: 100%;\">\n                        <\/div><\/a>\n                                                                    <\/div>\n                            <a href=\"\/articol\/inovarea-tehnologica-si-cercetarea-in-atentia-senatorului\" class=\"article-title\">Inovarea tehnologic\u0103 \u0219i cercetarea, \u00een aten\u021bia senatorului Adr...<\/a>\n                                                \n        <\/div>\n            <div class=\"grid-item col col-12 col-md-4\" data-category=\"alaturi-de-bihoreni\">\n            <a href=\"\/articol\/ziua-unirii-principatelor-romane-2024\" class=\"grid-button btn color-1-background color-1-border\">Al\u0103turi de Bihoreni<\/a>\n            <div class=\"img-ie-container\">\n                                                        <a href=\"\/articol\/ziua-unirii-principatelor-romane-2024\"><div class=\"image-article\" style=\"background:url( https:\/\/media1-prd-eu1.onlinefiles.info\/4f68c284\/f74909ac\/018b6a49\/ad3019b8\/media\/resized\/1393\/422620306-905586801566940-4975487590980906055-n_83de1b0c.jpeg ); width: 100%;\">\n                        <\/div><\/a>\n                                                                    <\/div>\n                            <a href=\"\/articol\/ziua-unirii-principatelor-romane-2024\" class=\"article-title\">Ziua Unirii Principatelor Rom\u00e2ne, s\u0103rb\u0103torit\u0103 \u00een Oradea \u0219i Mar...<\/a>\n                                                \n        <\/div>\n            <div class=\"grid-item col col-12 col-md-4\" data-category=\"alaturi-de-bihoreni\">\n            <a href=\"\/articol\/vizita-la-beius-alaturi-de-practicanti\" class=\"grid-button btn color-1-background color-1-border\">Al\u0103turi de Bihoreni<\/a>\n            <div class=\"img-ie-container\">\n                                                        <a href=\"\/articol\/vizita-la-beius-alaturi-de-practicanti\"><div class=\"image-article\" style=\"background:url( https:\/\/media1-prd-eu1.onlinefiles.info\/4f68c284\/f74909ac\/018b6a49\/ad3019b8\/media\/resized\/1393\/418447268-901667995292154-3245693471969532391-n_f15e8035.jpeg ); width: 100%;\">\n                        <\/div><\/a>\n                                                                    <\/div>\n                            <a href=\"\/articol\/vizita-la-beius-alaturi-de-practicanti\" class=\"article-title\">Vizit\u0103 la Beiu\u0219, al\u0103turi de studen\u021bii practican\u021bi<\/a>\n                                                \n        <\/div>\n            <div class=\"grid-item col col-12 col-md-4\" data-category=\"alaturi-de-bihoreni\">\n            <a href=\"\/articol\/vizite-la-vadu-crisului-alesd-si-valea-lui-mihai\" class=\"grid-button btn color-1-background color-1-border\">Al\u0103turi de Bihoreni<\/a>\n            <div class=\"img-ie-container\">\n                                                        <a href=\"\/articol\/vizite-la-vadu-crisului-alesd-si-valea-lui-mihai\"><div class=\"image-article\" style=\"background:url( https:\/\/media1-prd-eu1.onlinefiles.info\/4f68c284\/f74909ac\/018b6a49\/ad3019b8\/media\/resized\/1393\/ziua-nationala-2022-alesd_43f2d3dc.jpg ); width: 100%;\">\n                        <\/div><\/a>\n                                                                    <\/div>\n                            <a href=\"\/articol\/vizite-la-vadu-crisului-alesd-si-valea-lui-mihai\" class=\"article-title\">Vizite la Vadu Cri\u0219ului, Ale\u0219d \u0219i Valea lui Mihai, cu ocazia c...<\/a>\n                                                \n        <\/div>\n            <div class=\"grid-item col col-12 col-md-4\" data-category=\"alaturi-de-bihoreni\">\n            <a href=\"\/articol\/participare-la-career-camp-beius\" class=\"grid-button btn color-1-background color-1-border\">Al\u0103turi de Bihoreni<\/a>\n            <div class=\"img-ie-container\">\n                                                        <a href=\"\/articol\/participare-la-career-camp-beius\"><div class=\"image-article\" style=\"background:url( https:\/\/media1-prd-eu1.onlinefiles.info\/4f68c284\/f74909ac\/018b6a49\/ad3019b8\/media\/resized\/1393\/405948651-864874462304841-5933586039487357563-n_47e27af7.jpeg ); width: 100%;\">\n                        <\/div><\/a>\n                                                                    <\/div>\n                            <a href=\"\/articol\/participare-la-career-camp-beius\" class=\"article-title\">Participare la Career Camp Beiu\u0219<\/a>\n                                                \n        <\/div>\n            <div class=\"grid-item col col-12 col-md-4\" data-category=\"alaturi-de-bihoreni\">\n            <a href=\"\/articol\/inaugurarea-casei-ghika-burzuc\" class=\"grid-button btn color-1-background color-1-border\">Al\u0103turi de Bihoreni<\/a>\n            <div class=\"img-ie-container\">\n                                                        <a href=\"\/articol\/inaugurarea-casei-ghika-burzuc\"><div class=\"image-article\" style=\"background:url( https:\/\/media1-prd-eu1.onlinefiles.info\/4f68c284\/f74909ac\/018b6a49\/ad3019b8\/media\/resized\/1393\/7db85e65-859d-4daa-a335-f086b2f87e2b-1-105-c_501e3909.jpeg ); width: 100%;\">\n                        <\/div><\/a>\n                                                                    <\/div>\n                            <a href=\"\/articol\/inaugurarea-casei-ghika-burzuc\" class=\"article-title\">Inaugurarea Casei Ghika la Burzuc<\/a>\n                                                \n        <\/div>\n            <div class=\"grid-item col col-12 col-md-4\" data-category=\"alaturi-de-bihoreni\">\n            <a href=\"\/articol\/vizita-in-chislaz-26-oct-2023\" class=\"grid-button btn color-1-background color-1-border\">Al\u0103turi de Bihoreni<\/a>\n            <div class=\"img-ie-container\">\n                                                        <a href=\"\/articol\/vizita-in-chislaz-26-oct-2023\"><div class=\"image-article\" style=\"background:url( https:\/\/media1-prd-eu1.onlinefiles.info\/4f68c284\/f74909ac\/018b6a49\/ad3019b8\/media\/resized\/1393\/6c26422a-8b54-4bb0-bcb9-f1284868b4b9-1-105-c_3aed4709.jpeg ); width: 100%;\">\n                        <\/div><\/a>\n                                                                    <\/div>\n                            <a href=\"\/articol\/vizita-in-chislaz-26-oct-2023\" class=\"article-title\">Vizit\u0103 \u00een Chi\u0219laz - 26 octombrie 2023<\/a>\n                                                \n        <\/div>\n            <div class=\"grid-item col col-12 col-md-4\" data-category=\"alaturi-de-bihoreni\">\n            <a href=\"\/articol\/alaturi-de-tineri-la-career-camp\" class=\"grid-button btn color-1-background color-1-border\">Al\u0103turi de Bihoreni<\/a>\n            <div class=\"img-ie-container\">\n                                                        <a href=\"\/articol\/alaturi-de-tineri-la-career-camp\"><div class=\"image-article\" style=\"background:url( https:\/\/media1-prd-eu1.onlinefiles.info\/4f68c284\/f74909ac\/018b6a49\/ad3019b8\/media\/resized\/1393\/392938094-841842724608015-754075516941881587-n_f2e9c674.jpeg ); width: 100%;\">\n                        <\/div><\/a>\n                                                                    <\/div>\n                            <a href=\"\/articol\/alaturi-de-tineri-la-career-camp\" class=\"article-title\">Al\u0103turi de tineri la \u201eCareer Camp\u201d<\/a>\n                                                \n        <\/div>\n            <div class=\"grid-item col col-12 col-md-4\" data-category=\"alaturi-de-bihoreni\">\n            <a href=\"\/articol\/colegiul-tehnic-vadu-crisului-la-70-de-ani\" class=\"grid-button btn color-1-background color-1-border\">Al\u0103turi de Bihoreni<\/a>\n            <div class=\"img-ie-container\">\n                                                        <a href=\"\/articol\/colegiul-tehnic-vadu-crisului-la-70-de-ani\"><div class=\"image-article\" style=\"background:url( https:\/\/media1-prd-eu1.onlinefiles.info\/4f68c284\/f74909ac\/018b6a49\/ad3019b8\/media\/resized\/1393\/ffdc27b8-5a42-4be5-afb5-094aca60011b-1-105-c_a5caeefa.jpeg ); width: 100%;\">\n                        <\/div><\/a>\n                                                                    <\/div>\n                            <a href=\"\/articol\/colegiul-tehnic-vadu-crisului-la-70-de-ani\" class=\"article-title\">Colegiul Tehnic Vadu Cri\u0219ului la 70 de ani<\/a>\n                                                \n        <\/div>\n    ","load_more_url":"\/articole\/alaturi-de-bihoreni\/3?is_ajax=1&include_subcategories=1"}